{"id":1843,"date":"2018-05-12T16:40:59","date_gmt":"2018-05-12T16:40:59","guid":{"rendered":"https:\/\/www.grupo-mln.com\/blog\/actuellement\/jornada-tecnicas-firmes-de-carretera"},"modified":"2018-06-15T08:02:07","modified_gmt":"2018-06-15T08:02:07","slug":"journee-des-techniques-de-la-route-ferme","status":"publish","type":"post","link":"https:\/\/www.grupo-mln.com\/fr\/blog\/actuellement\/journee-des-techniques-de-la-route-ferme","title":{"rendered":"JOURN\u00c9E DES TECHNIQUES DE LA ROUTE FERME"},"content":{"rendered":"<h3><b>LA CHAIRE MLN ORGANISE LA JOURN\u00c9E TECHNIQUE DES ROUTES D&rsquo;ENTREPRISE, DES SOLUTIONS D&rsquo;ASPHALTE DURABLES.<\/b><\/h3>\n<p>&nbsp;<\/p>\n<p>Parmi les activit\u00e9s que la Chaire Mariano L\u00f3pez Navarro d\u00e9veloppe tout au long de l&rsquo;ann\u00e9e acad\u00e9mique 2017-2018, la Conf\u00e9rence sur la route technique de la firme s&rsquo;est tenue le 17 avril. Sustainable Asphalt Solutions, organis\u00e9 en collaboration avec l&rsquo;Association Technique des Emulsions Bitumineuses (ATEB) dans le but d&rsquo;analyser et de pr\u00e9senter les solutions actuelles pour la pose d&rsquo;\u00e9mulsions bitumineuses dans les chauss\u00e9es routi\u00e8res afin de garantir la durabilit\u00e9 environnementale.<\/p>\n<p>Les pr\u00e9sentations ont \u00e9t\u00e9 faites par des techniciens de haut niveau des entreprises faisant partie de l&rsquo;ATEB.<\/p>\n<p>L&rsquo;inauguration de l&rsquo;Atelier technique a \u00e9t\u00e9 r\u00e9alis\u00e9e par le Ministre r\u00e9gional de l&rsquo;am\u00e9nagement du territoire, de la mobilit\u00e9 et du logement du Gouvernement d&rsquo;Aragon, S. E. M. Jos\u00e9 Luis Soro Domingo.<\/p>\n","protected":false},"excerpt":{"rendered":"<p>LA CHAIRE MLN ORGANISE LA JOURN\u00c9E TECHNIQUE DES ROUTES D&rsquo;ENTREPRISE, DES SOLUTIONS D&rsquo;ASPHALTE DURABLES. &nbsp; Parmi les activit\u00e9s que la Chaire Mariano L\u00f3pez Navarro d\u00e9veloppe tout au long de l&rsquo;ann\u00e9e acad\u00e9mique 2017-2018, la Conf\u00e9rence sur la route technique de la firme s&rsquo;est tenue le 17 avril. Sustainable Asphalt Solutions, organis\u00e9 en collaboration avec l&rsquo;Association Technique  [&#8230;]<\/p>\n","protected":false},"author":3,"featured_media":1599,"comment_status":"open","ping_status":"open","sticky":false,"template":"","format":"standard","meta":{"_exactmetrics_skip_tracking":false,"_exactmetrics_sitenote_active":false,"_exactmetrics_sitenote_note":"","_exactmetrics_sitenote_category":0,"footnotes":""},"categories":[57],"tags":[],"class_list":["post-1843","post","type-post","status-publish","format-standard","has-post-thumbnail","hentry","category-actuellement"],"yoast_head":"<!-- This site is optimized with the Yoast SEO plugin v27.0 - https:\/\/yoast.com\/product\/yoast-seo-wordpress\/ -->\n<title>JOURN\u00c9E DES TECHNIQUES DE LA ROUTE FERME - Grupo MLN<\/title>\n<meta name=\"robots\" content=\"index, follow, max-snippet:-1, max-image-preview:large, max-video-preview:-1\" \/>\n<link rel=\"canonical\" href=\"https:\/\/www.grupo-mln.com\/fr\/blog\/actuellement\/journee-des-techniques-de-la-route-ferme\" \/>\n<meta property=\"og:locale\" content=\"fr_FR\" \/>\n<meta property=\"og:type\" content=\"article\" \/>\n<meta property=\"og:title\" content=\"JOURN\u00c9E DES TECHNIQUES DE LA ROUTE FERME - Grupo MLN\" \/>\n<meta property=\"og:description\" content=\"LA CHAIRE MLN ORGANISE LA JOURN\u00c9E TECHNIQUE DES ROUTES D&rsquo;ENTREPRISE, DES SOLUTIONS D&rsquo;ASPHALTE DURABLES. &nbsp; Parmi les activit\u00e9s que la Chaire Mariano L\u00f3pez Navarro d\u00e9veloppe tout au long de l&rsquo;ann\u00e9e acad\u00e9mique 2017-2018, la Conf\u00e9rence sur la route technique de la firme s&rsquo;est tenue le 17 avril. Sustainable Asphalt Solutions, organis\u00e9 en collaboration avec l&rsquo;Association Technique [...]\" \/>\n<meta property=\"og:url\" content=\"https:\/\/www.grupo-mln.com\/fr\/blog\/actuellement\/journee-des-techniques-de-la-route-ferme\" \/>\n<meta property=\"og:site_name\" content=\"Grupo MLN\" \/>\n<meta property=\"article:published_time\" content=\"2018-05-12T16:40:59+00:00\" \/>\n<meta property=\"article:modified_time\" content=\"2018-06-15T08:02:07+00:00\" \/>\n<meta property=\"og:image\" content=\"https:\/\/www.grupo-mln.com\/wp-content\/uploads\/2018\/05\/foto-visita-1.jpg\" \/>\n\t<meta property=\"og:image:width\" content=\"1200\" \/>\n\t<meta property=\"og:image:height\" content=\"900\" \/>\n\t<meta property=\"og:image:type\" content=\"image\/jpeg\" \/>\n<meta name=\"author\" content=\"Marketing C2\" \/>\n<meta name=\"twitter:card\" content=\"summary_large_image\" \/>\n<meta name=\"twitter:label1\" content=\"\u00c9crit par\" \/>\n\t<meta name=\"twitter:data1\" content=\"Marketing C2\" \/>\n\t<meta name=\"twitter:label2\" content=\"Dur\u00e9e de lecture estim\u00e9e\" \/>\n\t<meta name=\"twitter:data2\" content=\"1 minute\" \/>\n<script type=\"application\/ld+json\" class=\"yoast-schema-graph\">{\"@context\":\"https:\/\/schema.org\",\"@graph\":[{\"@type\":\"Article\",\"@id\":\"https:\/\/www.grupo-mln.com\/fr\/blog\/actuellement\/journee-des-techniques-de-la-route-ferme#article\",\"isPartOf\":{\"@id\":\"https:\/\/www.grupo-mln.com\/fr\/blog\/actuellement\/journee-des-techniques-de-la-route-ferme\"},\"author\":{\"name\":\"Marketing C2\",\"@id\":\"https:\/\/www.grupo-mln.com\/fr\/#\/schema\/person\/34fde827fb187e7b8d410cea94916663\"},\"headline\":\"JOURN\u00c9E DES TECHNIQUES DE LA ROUTE FERME\",\"datePublished\":\"2018-05-12T16:40:59+00:00\",\"dateModified\":\"2018-06-15T08:02:07+00:00\",\"mainEntityOfPage\":{\"@id\":\"https:\/\/www.grupo-mln.com\/fr\/blog\/actuellement\/journee-des-techniques-de-la-route-ferme\"},\"wordCount\":155,\"commentCount\":0,\"image\":{\"@id\":\"https:\/\/www.grupo-mln.com\/fr\/blog\/actuellement\/journee-des-techniques-de-la-route-ferme#primaryimage\"},\"thumbnailUrl\":\"https:\/\/www.grupo-mln.com\/wp-content\/uploads\/2018\/05\/foto-visita-1.jpg\",\"articleSection\":[\"ACTUELLEMENT\"],\"inLanguage\":\"fr-FR\",\"potentialAction\":[{\"@type\":\"CommentAction\",\"name\":\"Comment\",\"target\":[\"https:\/\/www.grupo-mln.com\/fr\/blog\/actuellement\/journee-des-techniques-de-la-route-ferme#respond\"]}]},{\"@type\":\"WebPage\",\"@id\":\"https:\/\/www.grupo-mln.com\/fr\/blog\/actuellement\/journee-des-techniques-de-la-route-ferme\",\"url\":\"https:\/\/www.grupo-mln.com\/fr\/blog\/actuellement\/journee-des-techniques-de-la-route-ferme\",\"name\":\"JOURN\u00c9E DES TECHNIQUES DE LA ROUTE FERME - Grupo MLN\",\"isPartOf\":{\"@id\":\"https:\/\/www.grupo-mln.com\/fr\/#website\"},\"primaryImageOfPage\":{\"@id\":\"https:\/\/www.grupo-mln.com\/fr\/blog\/actuellement\/journee-des-techniques-de-la-route-ferme#primaryimage\"},\"image\":{\"@id\":\"https:\/\/www.grupo-mln.com\/fr\/blog\/actuellement\/journee-des-techniques-de-la-route-ferme#primaryimage\"},\"thumbnailUrl\":\"https:\/\/www.grupo-mln.com\/wp-content\/uploads\/2018\/05\/foto-visita-1.jpg\",\"datePublished\":\"2018-05-12T16:40:59+00:00\",\"dateModified\":\"2018-06-15T08:02:07+00:00\",\"author\":{\"@id\":\"https:\/\/www.grupo-mln.com\/fr\/#\/schema\/person\/34fde827fb187e7b8d410cea94916663\"},\"breadcrumb\":{\"@id\":\"https:\/\/www.grupo-mln.com\/fr\/blog\/actuellement\/journee-des-techniques-de-la-route-ferme#breadcrumb\"},\"inLanguage\":\"fr-FR\",\"potentialAction\":[{\"@type\":\"ReadAction\",\"target\":[\"https:\/\/www.grupo-mln.com\/fr\/blog\/actuellement\/journee-des-techniques-de-la-route-ferme\"]}]},{\"@type\":\"ImageObject\",\"inLanguage\":\"fr-FR\",\"@id\":\"https:\/\/www.grupo-mln.com\/fr\/blog\/actuellement\/journee-des-techniques-de-la-route-ferme#primaryimage\",\"url\":\"https:\/\/www.grupo-mln.com\/wp-content\/uploads\/2018\/05\/foto-visita-1.jpg\",\"contentUrl\":\"https:\/\/www.grupo-mln.com\/wp-content\/uploads\/2018\/05\/foto-visita-1.jpg\",\"width\":1200,\"height\":900},{\"@type\":\"BreadcrumbList\",\"@id\":\"https:\/\/www.grupo-mln.com\/fr\/blog\/actuellement\/journee-des-techniques-de-la-route-ferme#breadcrumb\",\"itemListElement\":[{\"@type\":\"ListItem\",\"position\":1,\"name\":\"Portada\",\"item\":\"https:\/\/www.grupo-mln.com\/fr\"},{\"@type\":\"ListItem\",\"position\":2,\"name\":\"JOURN\u00c9E DES TECHNIQUES DE LA ROUTE FERME\"}]},{\"@type\":\"WebSite\",\"@id\":\"https:\/\/www.grupo-mln.com\/fr\/#website\",\"url\":\"https:\/\/www.grupo-mln.com\/fr\/\",\"name\":\"Grupo MLN\",\"description\":\"Grupo MLN\",\"potentialAction\":[{\"@type\":\"SearchAction\",\"target\":{\"@type\":\"EntryPoint\",\"urlTemplate\":\"https:\/\/www.grupo-mln.com\/fr\/?s={search_term_string}\"},\"query-input\":{\"@type\":\"PropertyValueSpecification\",\"valueRequired\":true,\"valueName\":\"search_term_string\"}}],\"inLanguage\":\"fr-FR\"},{\"@type\":\"Person\",\"@id\":\"https:\/\/www.grupo-mln.com\/fr\/#\/schema\/person\/34fde827fb187e7b8d410cea94916663\",\"name\":\"Marketing C2\",\"image\":{\"@type\":\"ImageObject\",\"inLanguage\":\"fr-FR\",\"@id\":\"https:\/\/www.grupo-mln.com\/fr\/#\/schema\/person\/image\/\",\"url\":\"https:\/\/secure.gravatar.com\/avatar\/3540c07d85dc51d4061a160451a3000d0c541b8ee90ffe5336c8592da422b849?s=96&d=mm&r=g\",\"contentUrl\":\"https:\/\/secure.gravatar.com\/avatar\/3540c07d85dc51d4061a160451a3000d0c541b8ee90ffe5336c8592da422b849?s=96&d=mm&r=g\",\"caption\":\"Marketing C2\"},\"url\":\"https:\/\/www.grupo-mln.com\/fr\/blog\/author\/marketingc2\"}]}<\/script>\n<!-- \/ Yoast SEO plugin. -->","yoast_head_json":{"title":"JOURN\u00c9E DES TECHNIQUES DE LA ROUTE FERME - Grupo MLN","robots":{"index":"index","follow":"follow","max-snippet":"max-snippet:-1","max-image-preview":"max-image-preview:large","max-video-preview":"max-video-preview:-1"},"canonical":"https:\/\/www.grupo-mln.com\/fr\/blog\/actuellement\/journee-des-techniques-de-la-route-ferme","og_locale":"fr_FR","og_type":"article","og_title":"JOURN\u00c9E DES TECHNIQUES DE LA ROUTE FERME - Grupo MLN","og_description":"LA CHAIRE MLN ORGANISE LA JOURN\u00c9E TECHNIQUE DES ROUTES D&rsquo;ENTREPRISE, DES SOLUTIONS D&rsquo;ASPHALTE DURABLES. &nbsp; Parmi les activit\u00e9s que la Chaire Mariano L\u00f3pez Navarro d\u00e9veloppe tout au long de l&rsquo;ann\u00e9e acad\u00e9mique 2017-2018, la Conf\u00e9rence sur la route technique de la firme s&rsquo;est tenue le 17 avril. Sustainable Asphalt Solutions, organis\u00e9 en collaboration avec l&rsquo;Association Technique [...]","og_url":"https:\/\/www.grupo-mln.com\/fr\/blog\/actuellement\/journee-des-techniques-de-la-route-ferme","og_site_name":"Grupo MLN","article_published_time":"2018-05-12T16:40:59+00:00","article_modified_time":"2018-06-15T08:02:07+00:00","og_image":[{"width":1200,"height":900,"url":"https:\/\/www.grupo-mln.com\/wp-content\/uploads\/2018\/05\/foto-visita-1.jpg","type":"image\/jpeg"}],"author":"Marketing C2","twitter_card":"summary_large_image","twitter_misc":{"\u00c9crit par":"Marketing C2","Dur\u00e9e de lecture estim\u00e9e":"1 minute"},"schema":{"@context":"https:\/\/schema.org","@graph":[{"@type":"Article","@id":"https:\/\/www.grupo-mln.com\/fr\/blog\/actuellement\/journee-des-techniques-de-la-route-ferme#article","isPartOf":{"@id":"https:\/\/www.grupo-mln.com\/fr\/blog\/actuellement\/journee-des-techniques-de-la-route-ferme"},"author":{"name":"Marketing C2","@id":"https:\/\/www.grupo-mln.com\/fr\/#\/schema\/person\/34fde827fb187e7b8d410cea94916663"},"headline":"JOURN\u00c9E DES TECHNIQUES DE LA ROUTE FERME","datePublished":"2018-05-12T16:40:59+00:00","dateModified":"2018-06-15T08:02:07+00:00","mainEntityOfPage":{"@id":"https:\/\/www.grupo-mln.com\/fr\/blog\/actuellement\/journee-des-techniques-de-la-route-ferme"},"wordCount":155,"commentCount":0,"image":{"@id":"https:\/\/www.grupo-mln.com\/fr\/blog\/actuellement\/journee-des-techniques-de-la-route-ferme#primaryimage"},"thumbnailUrl":"https:\/\/www.grupo-mln.com\/wp-content\/uploads\/2018\/05\/foto-visita-1.jpg","articleSection":["ACTUELLEMENT"],"inLanguage":"fr-FR","potentialAction":[{"@type":"CommentAction","name":"Comment","target":["https:\/\/www.grupo-mln.com\/fr\/blog\/actuellement\/journee-des-techniques-de-la-route-ferme#respond"]}]},{"@type":"WebPage","@id":"https:\/\/www.grupo-mln.com\/fr\/blog\/actuellement\/journee-des-techniques-de-la-route-ferme","url":"https:\/\/www.grupo-mln.com\/fr\/blog\/actuellement\/journee-des-techniques-de-la-route-ferme","name":"JOURN\u00c9E DES TECHNIQUES DE LA ROUTE FERME - Grupo MLN","isPartOf":{"@id":"https:\/\/www.grupo-mln.com\/fr\/#website"},"primaryImageOfPage":{"@id":"https:\/\/www.grupo-mln.com\/fr\/blog\/actuellement\/journee-des-techniques-de-la-route-ferme#primaryimage"},"image":{"@id":"https:\/\/www.grupo-mln.com\/fr\/blog\/actuellement\/journee-des-techniques-de-la-route-ferme#primaryimage"},"thumbnailUrl":"https:\/\/www.grupo-mln.com\/wp-content\/uploads\/2018\/05\/foto-visita-1.jpg","datePublished":"2018-05-12T16:40:59+00:00","dateModified":"2018-06-15T08:02:07+00:00","author":{"@id":"https:\/\/www.grupo-mln.com\/fr\/#\/schema\/person\/34fde827fb187e7b8d410cea94916663"},"breadcrumb":{"@id":"https:\/\/www.grupo-mln.com\/fr\/blog\/actuellement\/journee-des-techniques-de-la-route-ferme#breadcrumb"},"inLanguage":"fr-FR","potentialAction":[{"@type":"ReadAction","target":["https:\/\/www.grupo-mln.com\/fr\/blog\/actuellement\/journee-des-techniques-de-la-route-ferme"]}]},{"@type":"ImageObject","inLanguage":"fr-FR","@id":"https:\/\/www.grupo-mln.com\/fr\/blog\/actuellement\/journee-des-techniques-de-la-route-ferme#primaryimage","url":"https:\/\/www.grupo-mln.com\/wp-content\/uploads\/2018\/05\/foto-visita-1.jpg","contentUrl":"https:\/\/www.grupo-mln.com\/wp-content\/uploads\/2018\/05\/foto-visita-1.jpg","width":1200,"height":900},{"@type":"BreadcrumbList","@id":"https:\/\/www.grupo-mln.com\/fr\/blog\/actuellement\/journee-des-techniques-de-la-route-ferme#breadcrumb","itemListElement":[{"@type":"ListItem","position":1,"name":"Portada","item":"https:\/\/www.grupo-mln.com\/fr"},{"@type":"ListItem","position":2,"name":"JOURN\u00c9E DES TECHNIQUES DE LA ROUTE FERME"}]},{"@type":"WebSite","@id":"https:\/\/www.grupo-mln.com\/fr\/#website","url":"https:\/\/www.grupo-mln.com\/fr\/","name":"Grupo MLN","description":"Grupo MLN","potentialAction":[{"@type":"SearchAction","target":{"@type":"EntryPoint","urlTemplate":"https:\/\/www.grupo-mln.com\/fr\/?s={search_term_string}"},"query-input":{"@type":"PropertyValueSpecification","valueRequired":true,"valueName":"search_term_string"}}],"inLanguage":"fr-FR"},{"@type":"Person","@id":"https:\/\/www.grupo-mln.com\/fr\/#\/schema\/person\/34fde827fb187e7b8d410cea94916663","name":"Marketing C2","image":{"@type":"ImageObject","inLanguage":"fr-FR","@id":"https:\/\/www.grupo-mln.com\/fr\/#\/schema\/person\/image\/","url":"https:\/\/secure.gravatar.com\/avatar\/3540c07d85dc51d4061a160451a3000d0c541b8ee90ffe5336c8592da422b849?s=96&d=mm&r=g","contentUrl":"https:\/\/secure.gravatar.com\/avatar\/3540c07d85dc51d4061a160451a3000d0c541b8ee90ffe5336c8592da422b849?s=96&d=mm&r=g","caption":"Marketing C2"},"url":"https:\/\/www.grupo-mln.com\/fr\/blog\/author\/marketingc2"}]}},"_links":{"self":[{"href":"https:\/\/www.grupo-mln.com\/fr\/wp-json\/wp\/v2\/posts\/1843","targetHints":{"allow":["GET"]}}],"collection":[{"href":"https:\/\/www.grupo-mln.com\/fr\/wp-json\/wp\/v2\/posts"}],"about":[{"href":"https:\/\/www.grupo-mln.com\/fr\/wp-json\/wp\/v2\/types\/post"}],"author":[{"embeddable":true,"href":"https:\/\/www.grupo-mln.com\/fr\/wp-json\/wp\/v2\/users\/3"}],"replies":[{"embeddable":true,"href":"https:\/\/www.grupo-mln.com\/fr\/wp-json\/wp\/v2\/comments?post=1843"}],"version-history":[{"count":2,"href":"https:\/\/www.grupo-mln.com\/fr\/wp-json\/wp\/v2\/posts\/1843\/revisions"}],"predecessor-version":[{"id":1844,"href":"https:\/\/www.grupo-mln.com\/fr\/wp-json\/wp\/v2\/posts\/1843\/revisions\/1844"}],"wp:featuredmedia":[{"embeddable":true,"href":"https:\/\/www.grupo-mln.com\/fr\/wp-json\/wp\/v2\/media\/1599"}],"wp:attachment":[{"href":"https:\/\/www.grupo-mln.com\/fr\/wp-json\/wp\/v2\/media?parent=1843"}],"wp:term":[{"taxonomy":"category","embeddable":true,"href":"https:\/\/www.grupo-mln.com\/fr\/wp-json\/wp\/v2\/categories?post=1843"},{"taxonomy":"post_tag","embeddable":true,"href":"https:\/\/www.grupo-mln.com\/fr\/wp-json\/wp\/v2\/tags?post=1843"}],"curies":[{"name":"wp","href":"https:\/\/api.w.org\/{rel}","templated":true}]}}